{"id":1601,"date":"2018-06-07T13:46:25","date_gmt":"2018-06-07T13:46:25","guid":{"rendered":"https:\/\/observatoriodeldolor.com\/gasto-y-consumo-de-analgesicos-antes-y-durante-la-crisis-economica\/"},"modified":"2018-06-07T13:46:25","modified_gmt":"2018-06-07T13:46:25","slug":"gasto-y-consumo-de-analgesicos-antes-y-durante-la-crisis-economica","status":"publish","type":"post","link":"https:\/\/observatoriodeldolor.com\/en\/gasto-y-consumo-de-analgesicos-antes-y-durante-la-crisis-economica\/","title":{"rendered":"Gasto y consumo de analg\u00e9sicos antes y durante la crisis econ\u00f3mica"},"content":{"rendered":"<p>El <strong>Observatorio del Dolor<\/strong> publica un nuevo art\u00edculo en La Revista Espa\u00f1ola de la Sociedad Espa\u00f1ola del Dolor, titulado<em><strong><a href=\"http:\/\/www.resed.es\/gasto-prescripcion-y-consumo-de-analgesicos-antes-y-durante-la-crisis-economica226\"> \u201cGasto, prescripci\u00f3n, y consumo de analg\u00e9sicos antes y durante la crisis econ\u00f3mica\u201d<\/a>.<\/strong><\/em> Partiendo de la hip\u00f3tesis de que las medidas econ\u00f3micas adoptadas durante el periodo de crisis han afectado a la prescripci\u00f3n, gasto y uso de analg\u00e9sicos para tratar el dolor, el equipo del Observatorio se propuso como objetivo comparar los datos del inicio de la crisis econ\u00f3mica (2008) y tras su instauraci\u00f3n (2014).<\/p>\n<p>La informaci\u00f3n se obtuvo a partir del programa de gesti\u00f3n de medicamentos del <strong>Servicio de Farmacia del Distrito Sanitario de Almer\u00eda<\/strong> perteneciente al Servicio Andaluz de Salud, que comprende una zona de cobertura de 291.288 habitantes y 18 centros de Atenci\u00f3n Primaria. Se recogi\u00f3 informaci\u00f3n socio-demogr\u00e1fica, prescripci\u00f3n, gasto farmac\u00e9utico y consumo de opioides (N02A), Anti Inflamatorios No Esteroides (AINEs) (M01A) y analg\u00e9sicos antipir\u00e9ticos (N02B) en 2008 y 2014. Adem\u00e1s, se examinaron los resultados de acuerdo a dos indicadores sociales, uno relacionado con las necesidades de transformaci\u00f3n social de las zonas geogr\u00e1ficas, y otro dependiendo del car\u00e1cter rural o urbano de los centros de Atenci\u00f3n Primaria.<\/p>\n<p><span style=\"text-decoration:underline;\"><strong>Datos m\u00e1s relevantes<\/strong><\/span><\/p>\n<p>El <strong>gasto global de medicamentos<\/strong> disminuy\u00f3 23% en el periodo 2008-2014, y el de analg\u00e9sicos, 12%. Sin embargo, el gasto de analg\u00e9sicos supuso un aumento con respecto al gasto general farmac\u00e9utico. Asimismo, en 2014 se prescribieron un 4.6% menos de analg\u00e9sicos prescritos en 2008. El consumo general de analg\u00e9sicos tambi\u00e9n disminuy\u00f3, siendo especialmente destacable el descenso de AINEs. Sin embargo, y a pesar de la disminuci\u00f3n generalizada de analg\u00e9sicos, los opioides aumentaron en gasto, prescripci\u00f3n y consumo.<\/p>\n<p>Con respecto a las diferencias observadas seg\u00fan el \u00e1mbito rural\/urbano de los centros de salud, se identific\u00f3 un menor descenso del <strong>consumo de analg\u00e9sicos<\/strong> en los centros rurales durante estos a\u00f1os. Este mismo patr\u00f3n se produjo en las zonas con necesidad de transformaci\u00f3n social, donde el consumo disminuy\u00f3 en menor medida que en las que no ten\u00edan necesidades.<\/p>\n<p>Estos resultados ponen de manifiesto que la crisis econ\u00f3mica ha tenido un efecto negativo en la <strong>prescripci\u00f3n, consumo y gasto de analg\u00e9sicos<\/strong> utilizados habitualmente para el tratamiento del dolor. No obstante, se observa un cambio de perfil en el tratamiento, ya que aumenta el consumo de opioides con respecto al inicio de la crisis y disminuyen los AINES. Asimismo, se demuestra que existen diferencias seg\u00fan los indicadores sociales analizados, siendo m\u00e1s alto el consumo de analg\u00e9sicos en las zonas rurales y con necesidades de transformaci\u00f3n social.<\/p>\n<p>&nbsp;<\/p>\n","protected":false},"excerpt":{"rendered":"<p>El Observatorio del Dolor publica un nuevo art\u00edculo en La Revista Espa\u00f1ola de la Sociedad Espa\u00f1ola del Dolor, titulado \u201cGasto, prescripci\u00f3n, y consumo de analg\u00e9sicos antes y durante la crisis econ\u00f3mica\u201d. Partiendo de la hip\u00f3tesis de que las medidas econ\u00f3micas adoptadas durante el periodo de crisis han afectado a la prescripci\u00f3n, gasto y uso de [&hellip;]<\/p>\n","protected":false},"author":68343888,"featured_media":949,"comment_status":"open","ping_status":"open","sticky":false,"template":"","format":"standard","meta":{"_jetpack_newsletter_access":"","_jetpack_dont_email_post_to_subs":false,"_jetpack_newsletter_tier_id":0,"_jetpack_memberships_contains_paywalled_content":false,"_jetpack_memberships_contains_paid_content":false,"footnotes":"","jetpack_publicize_message":"","jetpack_publicize_feature_enabled":true,"jetpack_social_post_already_shared":false,"jetpack_social_options":{"image_generator_settings":{"template":"highway","default_image_id":0,"font":"","enabled":false},"version":2},"_wpas_customize_per_network":false,"jetpack_post_was_ever_published":false},"categories":[701188049],"tags":[701188060,701188061,701188007,701188008],"class_list":["post-1601","post","type-post","status-publish","format-standard","has-post-thumbnail","hentry","category-sin-categorizar-en","tag-analgesicos-en","tag-consumo-analgesicos-en","tag-destacada-en","tag-destacado-en"],"yoast_head":"<!-- This site is optimized with the Yoast SEO plugin v27.5 - https:\/\/yoast.com\/product\/yoast-seo-wordpress\/ -->\n<title>Gasto y consumo de analg\u00e9sicos antes y durante la crisis econ\u00f3mica - Observatorio del dolor<\/title>\n<meta name=\"robots\" content=\"index, follow, max-snippet:-1, max-image-preview:large, max-video-preview:-1\" \/>\n<link rel=\"canonical\" href=\"https:\/\/observatoriodeldolor.com\/en\/gasto-y-consumo-de-analgesicos-antes-y-durante-la-crisis-economica\/\" \/>\n<meta property=\"og:locale\" content=\"en_US\" \/>\n<meta property=\"og:type\" content=\"article\" \/>\n<meta property=\"og:title\" content=\"Gasto y consumo de analg\u00e9sicos antes y durante la crisis econ\u00f3mica - Observatorio del dolor\" \/>\n<meta property=\"og:description\" content=\"El Observatorio del Dolor publica un nuevo art\u00edculo en La Revista Espa\u00f1ola de la Sociedad Espa\u00f1ola del Dolor, titulado \u201cGasto, prescripci\u00f3n, y consumo de analg\u00e9sicos antes y durante la crisis econ\u00f3mica\u201d. Partiendo de la hip\u00f3tesis de que las medidas econ\u00f3micas adoptadas durante el periodo de crisis han afectado a la prescripci\u00f3n, gasto y uso de [&hellip;]\" \/>\n<meta property=\"og:url\" content=\"https:\/\/observatoriodeldolor.com\/en\/gasto-y-consumo-de-analgesicos-antes-y-durante-la-crisis-economica\/\" \/>\n<meta property=\"og:site_name\" content=\"Observatorio del dolor\" \/>\n<meta property=\"article:published_time\" content=\"2018-06-07T13:46:25+00:00\" \/>\n<meta property=\"og:image\" content=\"https:\/\/observatoriodeldolor.com\/wp-content\/uploads\/2018\/06\/pill-1884775_1920.jpg\" \/>\n\t<meta property=\"og:image:width\" content=\"1920\" \/>\n\t<meta property=\"og:image:height\" content=\"1152\" \/>\n\t<meta property=\"og:image:type\" content=\"image\/jpeg\" \/>\n<meta name=\"author\" content=\"observatoriodeldolor\" \/>\n<meta name=\"twitter:card\" content=\"summary_large_image\" \/>\n<meta name=\"twitter:label1\" content=\"Written by\" \/>\n\t<meta name=\"twitter:data1\" content=\"observatoriodeldolor\" \/>\n\t<meta name=\"twitter:label2\" content=\"Est. reading time\" \/>\n\t<meta name=\"twitter:data2\" content=\"2 minutes\" \/>\n<script type=\"application\/ld+json\" class=\"yoast-schema-graph\">{\"@context\":\"https:\\\/\\\/schema.org\",\"@graph\":[{\"@type\":\"Article\",\"@id\":\"https:\\\/\\\/observatoriodeldolor.com\\\/en\\\/gasto-y-consumo-de-analgesicos-antes-y-durante-la-crisis-economica\\\/#article\",\"isPartOf\":{\"@id\":\"https:\\\/\\\/observatoriodeldolor.com\\\/en\\\/gasto-y-consumo-de-analgesicos-antes-y-durante-la-crisis-economica\\\/\"},\"author\":{\"name\":\"observatoriodeldolor\",\"@id\":\"https:\\\/\\\/observatoriodeldolor.com\\\/en\\\/#\\\/schema\\\/person\\\/59379abe2b5c46990ea49aa36996c61f\"},\"headline\":\"Gasto y consumo de analg\u00e9sicos antes y durante la crisis econ\u00f3mica\",\"datePublished\":\"2018-06-07T13:46:25+00:00\",\"mainEntityOfPage\":{\"@id\":\"https:\\\/\\\/observatoriodeldolor.com\\\/en\\\/gasto-y-consumo-de-analgesicos-antes-y-durante-la-crisis-economica\\\/\"},\"wordCount\":469,\"commentCount\":0,\"image\":{\"@id\":\"https:\\\/\\\/observatoriodeldolor.com\\\/en\\\/gasto-y-consumo-de-analgesicos-antes-y-durante-la-crisis-economica\\\/#primaryimage\"},\"thumbnailUrl\":\"https:\\\/\\\/observatoriodeldolor.com\\\/wp-content\\\/uploads\\\/2018\\\/06\\\/pill-1884775_1920.jpg\",\"keywords\":[\"analg\u00e9sicos\",\"consumo analg\u00e9sicos\",\"destacada\",\"Destacado\"],\"articleSection\":[\"Sin categorizar\"],\"inLanguage\":\"en-US\"},{\"@type\":\"WebPage\",\"@id\":\"https:\\\/\\\/observatoriodeldolor.com\\\/en\\\/gasto-y-consumo-de-analgesicos-antes-y-durante-la-crisis-economica\\\/\",\"url\":\"https:\\\/\\\/observatoriodeldolor.com\\\/en\\\/gasto-y-consumo-de-analgesicos-antes-y-durante-la-crisis-economica\\\/\",\"name\":\"Gasto y consumo de analg\u00e9sicos antes y durante la crisis econ\u00f3mica - Observatorio del dolor\",\"isPartOf\":{\"@id\":\"https:\\\/\\\/observatoriodeldolor.com\\\/en\\\/#website\"},\"primaryImageOfPage\":{\"@id\":\"https:\\\/\\\/observatoriodeldolor.com\\\/en\\\/gasto-y-consumo-de-analgesicos-antes-y-durante-la-crisis-economica\\\/#primaryimage\"},\"image\":{\"@id\":\"https:\\\/\\\/observatoriodeldolor.com\\\/en\\\/gasto-y-consumo-de-analgesicos-antes-y-durante-la-crisis-economica\\\/#primaryimage\"},\"thumbnailUrl\":\"https:\\\/\\\/observatoriodeldolor.com\\\/wp-content\\\/uploads\\\/2018\\\/06\\\/pill-1884775_1920.jpg\",\"datePublished\":\"2018-06-07T13:46:25+00:00\",\"author\":{\"@id\":\"https:\\\/\\\/observatoriodeldolor.com\\\/en\\\/#\\\/schema\\\/person\\\/59379abe2b5c46990ea49aa36996c61f\"},\"breadcrumb\":{\"@id\":\"https:\\\/\\\/observatoriodeldolor.com\\\/en\\\/gasto-y-consumo-de-analgesicos-antes-y-durante-la-crisis-economica\\\/#breadcrumb\"},\"inLanguage\":\"en-US\",\"potentialAction\":[{\"@type\":\"ReadAction\",\"target\":[\"https:\\\/\\\/observatoriodeldolor.com\\\/en\\\/gasto-y-consumo-de-analgesicos-antes-y-durante-la-crisis-economica\\\/\"]}]},{\"@type\":\"ImageObject\",\"inLanguage\":\"en-US\",\"@id\":\"https:\\\/\\\/observatoriodeldolor.com\\\/en\\\/gasto-y-consumo-de-analgesicos-antes-y-durante-la-crisis-economica\\\/#primaryimage\",\"url\":\"https:\\\/\\\/observatoriodeldolor.com\\\/wp-content\\\/uploads\\\/2018\\\/06\\\/pill-1884775_1920.jpg\",\"contentUrl\":\"https:\\\/\\\/observatoriodeldolor.com\\\/wp-content\\\/uploads\\\/2018\\\/06\\\/pill-1884775_1920.jpg\",\"width\":1920,\"height\":1152},{\"@type\":\"BreadcrumbList\",\"@id\":\"https:\\\/\\\/observatoriodeldolor.com\\\/en\\\/gasto-y-consumo-de-analgesicos-antes-y-durante-la-crisis-economica\\\/#breadcrumb\",\"itemListElement\":[{\"@type\":\"ListItem\",\"position\":1,\"name\":\"Home\",\"item\":\"https:\\\/\\\/observatoriodeldolor.com\\\/en\\\/\"},{\"@type\":\"ListItem\",\"position\":2,\"name\":\"Gasto y consumo de analg\u00e9sicos antes y durante la crisis econ\u00f3mica\"}]},{\"@type\":\"WebSite\",\"@id\":\"https:\\\/\\\/observatoriodeldolor.com\\\/en\\\/#website\",\"url\":\"https:\\\/\\\/observatoriodeldolor.com\\\/en\\\/\",\"name\":\"Observatorio del dolor\",\"description\":\"en Andaluc\u00eda\",\"potentialAction\":[{\"@type\":\"SearchAction\",\"target\":{\"@type\":\"EntryPoint\",\"urlTemplate\":\"https:\\\/\\\/observatoriodeldolor.com\\\/en\\\/?s={search_term_string}\"},\"query-input\":{\"@type\":\"PropertyValueSpecification\",\"valueRequired\":true,\"valueName\":\"search_term_string\"}}],\"inLanguage\":\"en-US\"},{\"@type\":\"Person\",\"@id\":\"https:\\\/\\\/observatoriodeldolor.com\\\/en\\\/#\\\/schema\\\/person\\\/59379abe2b5c46990ea49aa36996c61f\",\"name\":\"observatoriodeldolor\",\"image\":{\"@type\":\"ImageObject\",\"inLanguage\":\"en-US\",\"@id\":\"https:\\\/\\\/secure.gravatar.com\\\/avatar\\\/4f95df8e417c1c5127fcd2a81da7343ac9b79a99bb5a21e9a5cdd421207e66d0?s=96&d=identicon&r=g\",\"url\":\"https:\\\/\\\/secure.gravatar.com\\\/avatar\\\/4f95df8e417c1c5127fcd2a81da7343ac9b79a99bb5a21e9a5cdd421207e66d0?s=96&d=identicon&r=g\",\"contentUrl\":\"https:\\\/\\\/secure.gravatar.com\\\/avatar\\\/4f95df8e417c1c5127fcd2a81da7343ac9b79a99bb5a21e9a5cdd421207e66d0?s=96&d=identicon&r=g\",\"caption\":\"observatoriodeldolor\"},\"sameAs\":[\"http:\\\/\\\/observadolor.wordpress.com\"],\"url\":\"https:\\\/\\\/observatoriodeldolor.com\\\/en\\\/author\\\/observatoriodeldolor\\\/\"}]}<\/script>\n<!-- \/ Yoast SEO plugin. -->","yoast_head_json":{"title":"Gasto y consumo de analg\u00e9sicos antes y durante la crisis econ\u00f3mica - Observatorio del dolor","robots":{"index":"index","follow":"follow","max-snippet":"max-snippet:-1","max-image-preview":"max-image-preview:large","max-video-preview":"max-video-preview:-1"},"canonical":"https:\/\/observatoriodeldolor.com\/en\/gasto-y-consumo-de-analgesicos-antes-y-durante-la-crisis-economica\/","og_locale":"en_US","og_type":"article","og_title":"Gasto y consumo de analg\u00e9sicos antes y durante la crisis econ\u00f3mica - Observatorio del dolor","og_description":"El Observatorio del Dolor publica un nuevo art\u00edculo en La Revista Espa\u00f1ola de la Sociedad Espa\u00f1ola del Dolor, titulado \u201cGasto, prescripci\u00f3n, y consumo de analg\u00e9sicos antes y durante la crisis econ\u00f3mica\u201d. Partiendo de la hip\u00f3tesis de que las medidas econ\u00f3micas adoptadas durante el periodo de crisis han afectado a la prescripci\u00f3n, gasto y uso de [&hellip;]","og_url":"https:\/\/observatoriodeldolor.com\/en\/gasto-y-consumo-de-analgesicos-antes-y-durante-la-crisis-economica\/","og_site_name":"Observatorio del dolor","article_published_time":"2018-06-07T13:46:25+00:00","og_image":[{"width":1920,"height":1152,"url":"https:\/\/observatoriodeldolor.com\/wp-content\/uploads\/2018\/06\/pill-1884775_1920.jpg","type":"image\/jpeg"}],"author":"observatoriodeldolor","twitter_card":"summary_large_image","twitter_misc":{"Written by":"observatoriodeldolor","Est. reading time":"2 minutes"},"schema":{"@context":"https:\/\/schema.org","@graph":[{"@type":"Article","@id":"https:\/\/observatoriodeldolor.com\/en\/gasto-y-consumo-de-analgesicos-antes-y-durante-la-crisis-economica\/#article","isPartOf":{"@id":"https:\/\/observatoriodeldolor.com\/en\/gasto-y-consumo-de-analgesicos-antes-y-durante-la-crisis-economica\/"},"author":{"name":"observatoriodeldolor","@id":"https:\/\/observatoriodeldolor.com\/en\/#\/schema\/person\/59379abe2b5c46990ea49aa36996c61f"},"headline":"Gasto y consumo de analg\u00e9sicos antes y durante la crisis econ\u00f3mica","datePublished":"2018-06-07T13:46:25+00:00","mainEntityOfPage":{"@id":"https:\/\/observatoriodeldolor.com\/en\/gasto-y-consumo-de-analgesicos-antes-y-durante-la-crisis-economica\/"},"wordCount":469,"commentCount":0,"image":{"@id":"https:\/\/observatoriodeldolor.com\/en\/gasto-y-consumo-de-analgesicos-antes-y-durante-la-crisis-economica\/#primaryimage"},"thumbnailUrl":"https:\/\/observatoriodeldolor.com\/wp-content\/uploads\/2018\/06\/pill-1884775_1920.jpg","keywords":["analg\u00e9sicos","consumo analg\u00e9sicos","destacada","Destacado"],"articleSection":["Sin categorizar"],"inLanguage":"en-US"},{"@type":"WebPage","@id":"https:\/\/observatoriodeldolor.com\/en\/gasto-y-consumo-de-analgesicos-antes-y-durante-la-crisis-economica\/","url":"https:\/\/observatoriodeldolor.com\/en\/gasto-y-consumo-de-analgesicos-antes-y-durante-la-crisis-economica\/","name":"Gasto y consumo de analg\u00e9sicos antes y durante la crisis econ\u00f3mica - Observatorio del dolor","isPartOf":{"@id":"https:\/\/observatoriodeldolor.com\/en\/#website"},"primaryImageOfPage":{"@id":"https:\/\/observatoriodeldolor.com\/en\/gasto-y-consumo-de-analgesicos-antes-y-durante-la-crisis-economica\/#primaryimage"},"image":{"@id":"https:\/\/observatoriodeldolor.com\/en\/gasto-y-consumo-de-analgesicos-antes-y-durante-la-crisis-economica\/#primaryimage"},"thumbnailUrl":"https:\/\/observatoriodeldolor.com\/wp-content\/uploads\/2018\/06\/pill-1884775_1920.jpg","datePublished":"2018-06-07T13:46:25+00:00","author":{"@id":"https:\/\/observatoriodeldolor.com\/en\/#\/schema\/person\/59379abe2b5c46990ea49aa36996c61f"},"breadcrumb":{"@id":"https:\/\/observatoriodeldolor.com\/en\/gasto-y-consumo-de-analgesicos-antes-y-durante-la-crisis-economica\/#breadcrumb"},"inLanguage":"en-US","potentialAction":[{"@type":"ReadAction","target":["https:\/\/observatoriodeldolor.com\/en\/gasto-y-consumo-de-analgesicos-antes-y-durante-la-crisis-economica\/"]}]},{"@type":"ImageObject","inLanguage":"en-US","@id":"https:\/\/observatoriodeldolor.com\/en\/gasto-y-consumo-de-analgesicos-antes-y-durante-la-crisis-economica\/#primaryimage","url":"https:\/\/observatoriodeldolor.com\/wp-content\/uploads\/2018\/06\/pill-1884775_1920.jpg","contentUrl":"https:\/\/observatoriodeldolor.com\/wp-content\/uploads\/2018\/06\/pill-1884775_1920.jpg","width":1920,"height":1152},{"@type":"BreadcrumbList","@id":"https:\/\/observatoriodeldolor.com\/en\/gasto-y-consumo-de-analgesicos-antes-y-durante-la-crisis-economica\/#breadcrumb","itemListElement":[{"@type":"ListItem","position":1,"name":"Home","item":"https:\/\/observatoriodeldolor.com\/en\/"},{"@type":"ListItem","position":2,"name":"Gasto y consumo de analg\u00e9sicos antes y durante la crisis econ\u00f3mica"}]},{"@type":"WebSite","@id":"https:\/\/observatoriodeldolor.com\/en\/#website","url":"https:\/\/observatoriodeldolor.com\/en\/","name":"Observatorio del dolor","description":"en Andaluc\u00eda","potentialAction":[{"@type":"SearchAction","target":{"@type":"EntryPoint","urlTemplate":"https:\/\/observatoriodeldolor.com\/en\/?s={search_term_string}"},"query-input":{"@type":"PropertyValueSpecification","valueRequired":true,"valueName":"search_term_string"}}],"inLanguage":"en-US"},{"@type":"Person","@id":"https:\/\/observatoriodeldolor.com\/en\/#\/schema\/person\/59379abe2b5c46990ea49aa36996c61f","name":"observatoriodeldolor","image":{"@type":"ImageObject","inLanguage":"en-US","@id":"https:\/\/secure.gravatar.com\/avatar\/4f95df8e417c1c5127fcd2a81da7343ac9b79a99bb5a21e9a5cdd421207e66d0?s=96&d=identicon&r=g","url":"https:\/\/secure.gravatar.com\/avatar\/4f95df8e417c1c5127fcd2a81da7343ac9b79a99bb5a21e9a5cdd421207e66d0?s=96&d=identicon&r=g","contentUrl":"https:\/\/secure.gravatar.com\/avatar\/4f95df8e417c1c5127fcd2a81da7343ac9b79a99bb5a21e9a5cdd421207e66d0?s=96&d=identicon&r=g","caption":"observatoriodeldolor"},"sameAs":["http:\/\/observadolor.wordpress.com"],"url":"https:\/\/observatoriodeldolor.com\/en\/author\/observatoriodeldolor\/"}]}},"jetpack_publicize_connections":[],"jetpack_featured_media_url":"https:\/\/observatoriodeldolor.com\/wp-content\/uploads\/2018\/06\/pill-1884775_1920.jpg","jetpack_likes_enabled":true,"jetpack_sharing_enabled":true,"jetpack_shortlink":"https:\/\/wp.me\/p4POJC-pP","_links":{"self":[{"href":"https:\/\/observatoriodeldolor.com\/en\/wp-json\/wp\/v2\/posts\/1601","targetHints":{"allow":["GET"]}}],"collection":[{"href":"https:\/\/observatoriodeldolor.com\/en\/wp-json\/wp\/v2\/posts"}],"about":[{"href":"https:\/\/observatoriodeldolor.com\/en\/wp-json\/wp\/v2\/types\/post"}],"author":[{"embeddable":true,"href":"https:\/\/observatoriodeldolor.com\/en\/wp-json\/wp\/v2\/users\/68343888"}],"replies":[{"embeddable":true,"href":"https:\/\/observatoriodeldolor.com\/en\/wp-json\/wp\/v2\/comments?post=1601"}],"version-history":[{"count":0,"href":"https:\/\/observatoriodeldolor.com\/en\/wp-json\/wp\/v2\/posts\/1601\/revisions"}],"wp:featuredmedia":[{"embeddable":true,"href":"https:\/\/observatoriodeldolor.com\/en\/wp-json\/wp\/v2\/media\/949"}],"wp:attachment":[{"href":"https:\/\/observatoriodeldolor.com\/en\/wp-json\/wp\/v2\/media?parent=1601"}],"wp:term":[{"taxonomy":"category","embeddable":true,"href":"https:\/\/observatoriodeldolor.com\/en\/wp-json\/wp\/v2\/categories?post=1601"},{"taxonomy":"post_tag","embeddable":true,"href":"https:\/\/observatoriodeldolor.com\/en\/wp-json\/wp\/v2\/tags?post=1601"}],"curies":[{"name":"wp","href":"https:\/\/api.w.org\/{rel}","templated":true}]}}