{"id":1602,"date":"2018-05-29T07:53:10","date_gmt":"2018-05-29T07:53:10","guid":{"rendered":"https:\/\/observatoriodeldolor.com\/el-lema-vivir-sin-dolor-se-impone-en-palma-de-mallorca\/"},"modified":"2018-05-29T07:53:10","modified_gmt":"2018-05-29T07:53:10","slug":"el-lema-vivir-sin-dolor-se-impone-en-palma-de-mallorca","status":"publish","type":"post","link":"https:\/\/observatoriodeldolor.com\/en\/el-lema-vivir-sin-dolor-se-impone-en-palma-de-mallorca\/","title":{"rendered":"El lema &#8220;Vivir sin dolor&#8221; se impone en Palma de Mallorca"},"content":{"rendered":"<p><img fetchpriority=\"high\" decoding=\"async\" class=\"aligncenter size-large wp-image-487\" src=\"https:\/\/observatoriodeldolor.com\/wp-content\/uploads\/2018\/05\/celebraciocc81n-del-congreso-del-dolor-en-mallorca-obesrvatorio-del-dolor.jpeg?w=1000\" alt=\"\" width=\"1000\" height=\"750\" srcset=\"https:\/\/observatoriodeldolor.com\/wp-content\/uploads\/2018\/05\/celebraciocc81n-del-congreso-del-dolor-en-mallorca-obesrvatorio-del-dolor.jpeg 1024w, https:\/\/observatoriodeldolor.com\/wp-content\/uploads\/2018\/05\/celebraciocc81n-del-congreso-del-dolor-en-mallorca-obesrvatorio-del-dolor-300x225.jpeg 300w, https:\/\/observatoriodeldolor.com\/wp-content\/uploads\/2018\/05\/celebraciocc81n-del-congreso-del-dolor-en-mallorca-obesrvatorio-del-dolor-768x576.jpeg 768w, https:\/\/observatoriodeldolor.com\/wp-content\/uploads\/2018\/05\/celebraciocc81n-del-congreso-del-dolor-en-mallorca-obesrvatorio-del-dolor-600x450.jpeg?crop=1 600w, https:\/\/observatoriodeldolor.com\/wp-content\/uploads\/2018\/05\/celebraciocc81n-del-congreso-del-dolor-en-mallorca-obesrvatorio-del-dolor-800x600.jpeg?crop=1 800w, https:\/\/observatoriodeldolor.com\/wp-content\/uploads\/2018\/05\/celebraciocc81n-del-congreso-del-dolor-en-mallorca-obesrvatorio-del-dolor-400x300.jpeg?crop=1 400w, https:\/\/observatoriodeldolor.com\/wp-content\/uploads\/2018\/05\/celebraciocc81n-del-congreso-del-dolor-en-mallorca-obesrvatorio-del-dolor-200x150.jpeg?crop=1 200w\" sizes=\"(max-width: 1000px) 100vw, 1000px\" \/><\/p>\n<p>&#8220;Vivir sin dolor&#8221;, ese ha sido el lema y el t\u00edtulo del<strong>\u00a0<\/strong><span style=\"font-weight:400;\"><strong>XV Congreso de la Sociedad Espa\u00f1ola del Dolor<\/strong>. Una cita que ten\u00eda lugar en el impresionante Palacio de Congresos y Convenciones de Palma de Mallorca entre los d\u00edas 24 y 26 de mayo y en la que se daban cita m\u00e1s de 1.400 asistentes.\u00a0<\/span><\/p>\n<p>Para conocer los avances y los nuevos planteamientos aportados por los expertos en dolor, el equipo del Observatorio -encabezado por nuestra directora <strong>Inmaculada Failde<\/strong>&#8211; se desplaz\u00f3 a la capital balear. All\u00ed, adem\u00e1s de llevar a t\u00e9rmino numerosas reuniones, nuestro equipo particip\u00f3 de forma activa en diversos coloquios y mesas redondas, siendo -eso s\u00ed- el m\u00e1s relevante el que llevaba por t\u00edtulo\u00a0<span style=\"font-weight:400;\"><em> \u201cActividad f\u00edsica y ejercicio. Una opci\u00f3n atractiva en el manejo del dolor cr\u00f3nico\u201d.<\/em> Una ponencia dirigida por\u00a0 la Dra. Inmaculada Failde\u00a0 en la mesa sobre <span style=\"text-decoration:underline;\"><strong>Ejercicio y Dolor \u00bfMe Muevo o Mejor No?<\/strong><\/span><\/span><\/p>\n<p><strong>Ejercicio f\u00edsico y disminuci\u00f3n del dolor<\/strong><\/p>\n<p>Una de las afirmaciones m\u00e1s relevantes es la que confirma que la realizaci\u00f3n de ejercicio f\u00edsico moderado ayuda a reducir la intensidad del dolor.\u00a0En una entrevista brindada a los medios locales de la isla, nuestra directora comentaba que estos\u00a0<span style=\"font-weight:400;\">\u00a0efectos se hab\u00edan mostrado esencialmente &#8220;<em>en pacientes con enfermedades musculosquel\u00e9ticas como la artrosis, esencialmente de rodilla y cadera, la lumbalgia y la fibromialgia&#8221;<\/em>. Y a\u00f1ad\u00eda:\u00a0&#8220;<em>En estas condiciones, los beneficios son moderados y solo en algunos estudios sobre artrosis o lumbalgia los efectos son m\u00e1s evidentes especialmente sobre la intensidad del dolor\u201d.<\/em><\/span><\/p>\n<p><strong>Con la mirada puesta en el futuro<\/strong><\/p>\n<p>El\u00a0<span style=\"font-weight:400;\">XV Congreso de la Sociedad Espa\u00f1ola del Dolor fue el lugar elegido por el Observatorio del Dolor para dar a conocer el nuevo proyecto en el que ya trabajamos. Este nuevo reto lleva por t\u00edtulo\u00a0<\/span><span style=\"font-weight:400;\">&#8220;Desarrollo y aplicaci\u00f3n de un sistema m-Heath para el seguimiento y control del <\/span><a href=\"https:\/\/twitter.com\/hashtag\/dolorcronico?src=hash\"><span style=\"font-weight:400;\">dolor cr\u00f3nico<\/span><\/a><span style=\"font-weight:400;\">&#8221; y tendr\u00e1 como base una aplicaci\u00f3n m\u00f3vil desarrollada de forma interna por nuestro equipo.<\/span><\/p>\n<p>Gracias a esta App se har\u00e1 una<span style=\"font-weight:400;\">\u00a0evaluaci\u00f3n de la efectividad de intervenciones multimodales y se buscar\u00e1n nuevos m\u00e9todos para mejorar la adherencia a las recomendaciones y tratamientos basados en ejercicio f\u00edsico. \u00bfCon qu\u00e9 fin?\u00a0Con uno bien claro y definido: mejorar la calidad de vida de los pacientes que sufren dolor de distintas patolog\u00edas cr\u00f3nicas.<\/span><\/p>\n<p><span style=\"font-weight:400;\">Se presentaron dos p\u00f3steres mostrando las \u00faltimas investigaciones realizadas en el Observatorio sobre\u00a0<\/span><span style=\"font-weight:400;\">\u201cLa Evaluaci\u00f3n de la Calidad de Aplicaciones M\u00f3viles para el manejo del Dolor&#8221; y &#8220;La perspectiva de la poblaci\u00f3n joven sobre el uso de <\/span>opioides<span style=\"font-weight:400;\"> en tratamiento del <\/span>dolor<span style=\"font-weight:400;\">&#8220;.\u00a0<\/span><\/p>\n","protected":false},"excerpt":{"rendered":"<p>&#8220;Vivir sin dolor&#8221;, ese ha sido el lema y el t\u00edtulo del\u00a0XV Congreso de la Sociedad Espa\u00f1ola del Dolor. Una cita que ten\u00eda lugar en el impresionante Palacio de Congresos y Convenciones de Palma de Mallorca entre los d\u00edas 24 y 26 de mayo y en la que se daban cita m\u00e1s de 1.400 asistentes.\u00a0 [&hellip;]<\/p>\n","protected":false},"author":68343888,"featured_media":939,"comment_status":"open","ping_status":"open","sticky":false,"template":"","format":"standard","meta":{"_jetpack_newsletter_access":"","_jetpack_dont_email_post_to_subs":false,"_jetpack_newsletter_tier_id":0,"_jetpack_memberships_contains_paywalled_content":false,"_jetpack_memberships_contains_paid_content":false,"footnotes":"","jetpack_publicize_message":"","jetpack_publicize_feature_enabled":true,"jetpack_social_post_already_shared":false,"jetpack_social_options":{"image_generator_settings":{"template":"highway","default_image_id":0,"font":"","enabled":false},"version":2},"_wpas_customize_per_network":false,"jetpack_post_was_ever_published":false},"categories":[701188049],"tags":[701188009,701188062,701188008,701188052,701188053,701188054],"class_list":["post-1602","post","type-post","status-publish","format-standard","has-post-thumbnail","hentry","category-sin-categorizar-en","tag-congreso-del-dolor-en","tag-destacadas-en","tag-destacado-en","tag-dolor-en","tag-dolor-cronico-en","tag-estudios-en-dolor-en"],"yoast_head":"<!-- This site is optimized with the Yoast SEO plugin v27.4 - https:\/\/yoast.com\/product\/yoast-seo-wordpress\/ -->\n<title>El lema &quot;Vivir sin dolor&quot; se impone en Palma de Mallorca - Observatorio del dolor<\/title>\n<meta name=\"robots\" content=\"index, follow, max-snippet:-1, max-image-preview:large, max-video-preview:-1\" \/>\n<link rel=\"canonical\" href=\"https:\/\/observatoriodeldolor.com\/en\/el-lema-vivir-sin-dolor-se-impone-en-palma-de-mallorca\/\" \/>\n<meta property=\"og:locale\" content=\"en_US\" \/>\n<meta property=\"og:type\" content=\"article\" \/>\n<meta property=\"og:title\" content=\"El lema &quot;Vivir sin dolor&quot; se impone en Palma de Mallorca - Observatorio del dolor\" \/>\n<meta property=\"og:description\" content=\"&#8220;Vivir sin dolor&#8221;, ese ha sido el lema y el t\u00edtulo del\u00a0XV Congreso de la Sociedad Espa\u00f1ola del Dolor. Una cita que ten\u00eda lugar en el impresionante Palacio de Congresos y Convenciones de Palma de Mallorca entre los d\u00edas 24 y 26 de mayo y en la que se daban cita m\u00e1s de 1.400 asistentes.\u00a0 [&hellip;]\" \/>\n<meta property=\"og:url\" content=\"https:\/\/observatoriodeldolor.com\/en\/el-lema-vivir-sin-dolor-se-impone-en-palma-de-mallorca\/\" \/>\n<meta property=\"og:site_name\" content=\"Observatorio del dolor\" \/>\n<meta property=\"article:published_time\" content=\"2018-05-29T07:53:10+00:00\" \/>\n<meta property=\"og:image\" content=\"https:\/\/observatoriodeldolor.com\/wp-content\/uploads\/2018\/05\/congreso-del-dolor-en-palma-de-mallorca-obesrvatorio-del-dolor.jpeg\" \/>\n\t<meta property=\"og:image:width\" content=\"1024\" \/>\n\t<meta property=\"og:image:height\" content=\"768\" \/>\n\t<meta property=\"og:image:type\" content=\"image\/jpeg\" \/>\n<meta name=\"author\" content=\"observatoriodeldolor\" \/>\n<meta name=\"twitter:card\" content=\"summary_large_image\" \/>\n<meta name=\"twitter:label1\" content=\"Written by\" \/>\n\t<meta name=\"twitter:data1\" content=\"observatoriodeldolor\" \/>\n\t<meta name=\"twitter:label2\" content=\"Est. reading time\" \/>\n\t<meta name=\"twitter:data2\" content=\"2 minutes\" \/>\n<script type=\"application\/ld+json\" class=\"yoast-schema-graph\">{\"@context\":\"https:\\\/\\\/schema.org\",\"@graph\":[{\"@type\":\"Article\",\"@id\":\"https:\\\/\\\/observatoriodeldolor.com\\\/en\\\/el-lema-vivir-sin-dolor-se-impone-en-palma-de-mallorca\\\/#article\",\"isPartOf\":{\"@id\":\"https:\\\/\\\/observatoriodeldolor.com\\\/en\\\/el-lema-vivir-sin-dolor-se-impone-en-palma-de-mallorca\\\/\"},\"author\":{\"name\":\"observatoriodeldolor\",\"@id\":\"https:\\\/\\\/observatoriodeldolor.com\\\/en\\\/#\\\/schema\\\/person\\\/59379abe2b5c46990ea49aa36996c61f\"},\"headline\":\"El lema &#8220;Vivir sin dolor&#8221; se impone en Palma de Mallorca\",\"datePublished\":\"2018-05-29T07:53:10+00:00\",\"mainEntityOfPage\":{\"@id\":\"https:\\\/\\\/observatoriodeldolor.com\\\/en\\\/el-lema-vivir-sin-dolor-se-impone-en-palma-de-mallorca\\\/\"},\"wordCount\":465,\"commentCount\":0,\"image\":{\"@id\":\"https:\\\/\\\/observatoriodeldolor.com\\\/en\\\/el-lema-vivir-sin-dolor-se-impone-en-palma-de-mallorca\\\/#primaryimage\"},\"thumbnailUrl\":\"https:\\\/\\\/observatoriodeldolor.com\\\/wp-content\\\/uploads\\\/2018\\\/05\\\/congreso-del-dolor-en-palma-de-mallorca-obesrvatorio-del-dolor.jpeg\",\"keywords\":[\"congreso del dolor\",\"destacadas\",\"Destacado\",\"dolor\",\"dolor cr\u00f3nico\",\"estudios en dolor\"],\"articleSection\":[\"Sin categorizar\"],\"inLanguage\":\"en-US\"},{\"@type\":\"WebPage\",\"@id\":\"https:\\\/\\\/observatoriodeldolor.com\\\/en\\\/el-lema-vivir-sin-dolor-se-impone-en-palma-de-mallorca\\\/\",\"url\":\"https:\\\/\\\/observatoriodeldolor.com\\\/en\\\/el-lema-vivir-sin-dolor-se-impone-en-palma-de-mallorca\\\/\",\"name\":\"El lema \\\"Vivir sin dolor\\\" se impone en Palma de Mallorca - Observatorio del dolor\",\"isPartOf\":{\"@id\":\"https:\\\/\\\/observatoriodeldolor.com\\\/en\\\/#website\"},\"primaryImageOfPage\":{\"@id\":\"https:\\\/\\\/observatoriodeldolor.com\\\/en\\\/el-lema-vivir-sin-dolor-se-impone-en-palma-de-mallorca\\\/#primaryimage\"},\"image\":{\"@id\":\"https:\\\/\\\/observatoriodeldolor.com\\\/en\\\/el-lema-vivir-sin-dolor-se-impone-en-palma-de-mallorca\\\/#primaryimage\"},\"thumbnailUrl\":\"https:\\\/\\\/observatoriodeldolor.com\\\/wp-content\\\/uploads\\\/2018\\\/05\\\/congreso-del-dolor-en-palma-de-mallorca-obesrvatorio-del-dolor.jpeg\",\"datePublished\":\"2018-05-29T07:53:10+00:00\",\"author\":{\"@id\":\"https:\\\/\\\/observatoriodeldolor.com\\\/en\\\/#\\\/schema\\\/person\\\/59379abe2b5c46990ea49aa36996c61f\"},\"breadcrumb\":{\"@id\":\"https:\\\/\\\/observatoriodeldolor.com\\\/en\\\/el-lema-vivir-sin-dolor-se-impone-en-palma-de-mallorca\\\/#breadcrumb\"},\"inLanguage\":\"en-US\",\"potentialAction\":[{\"@type\":\"ReadAction\",\"target\":[\"https:\\\/\\\/observatoriodeldolor.com\\\/en\\\/el-lema-vivir-sin-dolor-se-impone-en-palma-de-mallorca\\\/\"]}]},{\"@type\":\"ImageObject\",\"inLanguage\":\"en-US\",\"@id\":\"https:\\\/\\\/observatoriodeldolor.com\\\/en\\\/el-lema-vivir-sin-dolor-se-impone-en-palma-de-mallorca\\\/#primaryimage\",\"url\":\"https:\\\/\\\/observatoriodeldolor.com\\\/wp-content\\\/uploads\\\/2018\\\/05\\\/congreso-del-dolor-en-palma-de-mallorca-obesrvatorio-del-dolor.jpeg\",\"contentUrl\":\"https:\\\/\\\/observatoriodeldolor.com\\\/wp-content\\\/uploads\\\/2018\\\/05\\\/congreso-del-dolor-en-palma-de-mallorca-obesrvatorio-del-dolor.jpeg\",\"width\":1024,\"height\":768},{\"@type\":\"BreadcrumbList\",\"@id\":\"https:\\\/\\\/observatoriodeldolor.com\\\/en\\\/el-lema-vivir-sin-dolor-se-impone-en-palma-de-mallorca\\\/#breadcrumb\",\"itemListElement\":[{\"@type\":\"ListItem\",\"position\":1,\"name\":\"Home\",\"item\":\"https:\\\/\\\/observatoriodeldolor.com\\\/en\\\/\"},{\"@type\":\"ListItem\",\"position\":2,\"name\":\"El lema &#8220;Vivir sin dolor&#8221; se impone en Palma de Mallorca\"}]},{\"@type\":\"WebSite\",\"@id\":\"https:\\\/\\\/observatoriodeldolor.com\\\/en\\\/#website\",\"url\":\"https:\\\/\\\/observatoriodeldolor.com\\\/en\\\/\",\"name\":\"Observatorio del dolor\",\"description\":\"en Andaluc\u00eda\",\"potentialAction\":[{\"@type\":\"SearchAction\",\"target\":{\"@type\":\"EntryPoint\",\"urlTemplate\":\"https:\\\/\\\/observatoriodeldolor.com\\\/en\\\/?s={search_term_string}\"},\"query-input\":{\"@type\":\"PropertyValueSpecification\",\"valueRequired\":true,\"valueName\":\"search_term_string\"}}],\"inLanguage\":\"en-US\"},{\"@type\":\"Person\",\"@id\":\"https:\\\/\\\/observatoriodeldolor.com\\\/en\\\/#\\\/schema\\\/person\\\/59379abe2b5c46990ea49aa36996c61f\",\"name\":\"observatoriodeldolor\",\"image\":{\"@type\":\"ImageObject\",\"inLanguage\":\"en-US\",\"@id\":\"https:\\\/\\\/secure.gravatar.com\\\/avatar\\\/4f95df8e417c1c5127fcd2a81da7343ac9b79a99bb5a21e9a5cdd421207e66d0?s=96&d=identicon&r=g\",\"url\":\"https:\\\/\\\/secure.gravatar.com\\\/avatar\\\/4f95df8e417c1c5127fcd2a81da7343ac9b79a99bb5a21e9a5cdd421207e66d0?s=96&d=identicon&r=g\",\"contentUrl\":\"https:\\\/\\\/secure.gravatar.com\\\/avatar\\\/4f95df8e417c1c5127fcd2a81da7343ac9b79a99bb5a21e9a5cdd421207e66d0?s=96&d=identicon&r=g\",\"caption\":\"observatoriodeldolor\"},\"sameAs\":[\"http:\\\/\\\/observadolor.wordpress.com\"],\"url\":\"https:\\\/\\\/observatoriodeldolor.com\\\/en\\\/author\\\/observatoriodeldolor\\\/\"}]}<\/script>\n<!-- \/ Yoast SEO plugin. -->","yoast_head_json":{"title":"El lema \"Vivir sin dolor\" se impone en Palma de Mallorca - Observatorio del dolor","robots":{"index":"index","follow":"follow","max-snippet":"max-snippet:-1","max-image-preview":"max-image-preview:large","max-video-preview":"max-video-preview:-1"},"canonical":"https:\/\/observatoriodeldolor.com\/en\/el-lema-vivir-sin-dolor-se-impone-en-palma-de-mallorca\/","og_locale":"en_US","og_type":"article","og_title":"El lema \"Vivir sin dolor\" se impone en Palma de Mallorca - Observatorio del dolor","og_description":"&#8220;Vivir sin dolor&#8221;, ese ha sido el lema y el t\u00edtulo del\u00a0XV Congreso de la Sociedad Espa\u00f1ola del Dolor. Una cita que ten\u00eda lugar en el impresionante Palacio de Congresos y Convenciones de Palma de Mallorca entre los d\u00edas 24 y 26 de mayo y en la que se daban cita m\u00e1s de 1.400 asistentes.\u00a0 [&hellip;]","og_url":"https:\/\/observatoriodeldolor.com\/en\/el-lema-vivir-sin-dolor-se-impone-en-palma-de-mallorca\/","og_site_name":"Observatorio del dolor","article_published_time":"2018-05-29T07:53:10+00:00","og_image":[{"width":1024,"height":768,"url":"https:\/\/observatoriodeldolor.com\/wp-content\/uploads\/2018\/05\/congreso-del-dolor-en-palma-de-mallorca-obesrvatorio-del-dolor.jpeg","type":"image\/jpeg"}],"author":"observatoriodeldolor","twitter_card":"summary_large_image","twitter_misc":{"Written by":"observatoriodeldolor","Est. reading time":"2 minutes"},"schema":{"@context":"https:\/\/schema.org","@graph":[{"@type":"Article","@id":"https:\/\/observatoriodeldolor.com\/en\/el-lema-vivir-sin-dolor-se-impone-en-palma-de-mallorca\/#article","isPartOf":{"@id":"https:\/\/observatoriodeldolor.com\/en\/el-lema-vivir-sin-dolor-se-impone-en-palma-de-mallorca\/"},"author":{"name":"observatoriodeldolor","@id":"https:\/\/observatoriodeldolor.com\/en\/#\/schema\/person\/59379abe2b5c46990ea49aa36996c61f"},"headline":"El lema &#8220;Vivir sin dolor&#8221; se impone en Palma de Mallorca","datePublished":"2018-05-29T07:53:10+00:00","mainEntityOfPage":{"@id":"https:\/\/observatoriodeldolor.com\/en\/el-lema-vivir-sin-dolor-se-impone-en-palma-de-mallorca\/"},"wordCount":465,"commentCount":0,"image":{"@id":"https:\/\/observatoriodeldolor.com\/en\/el-lema-vivir-sin-dolor-se-impone-en-palma-de-mallorca\/#primaryimage"},"thumbnailUrl":"https:\/\/observatoriodeldolor.com\/wp-content\/uploads\/2018\/05\/congreso-del-dolor-en-palma-de-mallorca-obesrvatorio-del-dolor.jpeg","keywords":["congreso del dolor","destacadas","Destacado","dolor","dolor cr\u00f3nico","estudios en dolor"],"articleSection":["Sin categorizar"],"inLanguage":"en-US"},{"@type":"WebPage","@id":"https:\/\/observatoriodeldolor.com\/en\/el-lema-vivir-sin-dolor-se-impone-en-palma-de-mallorca\/","url":"https:\/\/observatoriodeldolor.com\/en\/el-lema-vivir-sin-dolor-se-impone-en-palma-de-mallorca\/","name":"El lema \"Vivir sin dolor\" se impone en Palma de Mallorca - Observatorio del dolor","isPartOf":{"@id":"https:\/\/observatoriodeldolor.com\/en\/#website"},"primaryImageOfPage":{"@id":"https:\/\/observatoriodeldolor.com\/en\/el-lema-vivir-sin-dolor-se-impone-en-palma-de-mallorca\/#primaryimage"},"image":{"@id":"https:\/\/observatoriodeldolor.com\/en\/el-lema-vivir-sin-dolor-se-impone-en-palma-de-mallorca\/#primaryimage"},"thumbnailUrl":"https:\/\/observatoriodeldolor.com\/wp-content\/uploads\/2018\/05\/congreso-del-dolor-en-palma-de-mallorca-obesrvatorio-del-dolor.jpeg","datePublished":"2018-05-29T07:53:10+00:00","author":{"@id":"https:\/\/observatoriodeldolor.com\/en\/#\/schema\/person\/59379abe2b5c46990ea49aa36996c61f"},"breadcrumb":{"@id":"https:\/\/observatoriodeldolor.com\/en\/el-lema-vivir-sin-dolor-se-impone-en-palma-de-mallorca\/#breadcrumb"},"inLanguage":"en-US","potentialAction":[{"@type":"ReadAction","target":["https:\/\/observatoriodeldolor.com\/en\/el-lema-vivir-sin-dolor-se-impone-en-palma-de-mallorca\/"]}]},{"@type":"ImageObject","inLanguage":"en-US","@id":"https:\/\/observatoriodeldolor.com\/en\/el-lema-vivir-sin-dolor-se-impone-en-palma-de-mallorca\/#primaryimage","url":"https:\/\/observatoriodeldolor.com\/wp-content\/uploads\/2018\/05\/congreso-del-dolor-en-palma-de-mallorca-obesrvatorio-del-dolor.jpeg","contentUrl":"https:\/\/observatoriodeldolor.com\/wp-content\/uploads\/2018\/05\/congreso-del-dolor-en-palma-de-mallorca-obesrvatorio-del-dolor.jpeg","width":1024,"height":768},{"@type":"BreadcrumbList","@id":"https:\/\/observatoriodeldolor.com\/en\/el-lema-vivir-sin-dolor-se-impone-en-palma-de-mallorca\/#breadcrumb","itemListElement":[{"@type":"ListItem","position":1,"name":"Home","item":"https:\/\/observatoriodeldolor.com\/en\/"},{"@type":"ListItem","position":2,"name":"El lema &#8220;Vivir sin dolor&#8221; se impone en Palma de Mallorca"}]},{"@type":"WebSite","@id":"https:\/\/observatoriodeldolor.com\/en\/#website","url":"https:\/\/observatoriodeldolor.com\/en\/","name":"Observatorio del dolor","description":"en Andaluc\u00eda","potentialAction":[{"@type":"SearchAction","target":{"@type":"EntryPoint","urlTemplate":"https:\/\/observatoriodeldolor.com\/en\/?s={search_term_string}"},"query-input":{"@type":"PropertyValueSpecification","valueRequired":true,"valueName":"search_term_string"}}],"inLanguage":"en-US"},{"@type":"Person","@id":"https:\/\/observatoriodeldolor.com\/en\/#\/schema\/person\/59379abe2b5c46990ea49aa36996c61f","name":"observatoriodeldolor","image":{"@type":"ImageObject","inLanguage":"en-US","@id":"https:\/\/secure.gravatar.com\/avatar\/4f95df8e417c1c5127fcd2a81da7343ac9b79a99bb5a21e9a5cdd421207e66d0?s=96&d=identicon&r=g","url":"https:\/\/secure.gravatar.com\/avatar\/4f95df8e417c1c5127fcd2a81da7343ac9b79a99bb5a21e9a5cdd421207e66d0?s=96&d=identicon&r=g","contentUrl":"https:\/\/secure.gravatar.com\/avatar\/4f95df8e417c1c5127fcd2a81da7343ac9b79a99bb5a21e9a5cdd421207e66d0?s=96&d=identicon&r=g","caption":"observatoriodeldolor"},"sameAs":["http:\/\/observadolor.wordpress.com"],"url":"https:\/\/observatoriodeldolor.com\/en\/author\/observatoriodeldolor\/"}]}},"jetpack_publicize_connections":[],"jetpack_featured_media_url":"https:\/\/observatoriodeldolor.com\/wp-content\/uploads\/2018\/05\/congreso-del-dolor-en-palma-de-mallorca-obesrvatorio-del-dolor.jpeg","jetpack_likes_enabled":true,"jetpack_sharing_enabled":true,"jetpack_shortlink":"https:\/\/wp.me\/p4POJC-pQ","_links":{"self":[{"href":"https:\/\/observatoriodeldolor.com\/en\/wp-json\/wp\/v2\/posts\/1602","targetHints":{"allow":["GET"]}}],"collection":[{"href":"https:\/\/observatoriodeldolor.com\/en\/wp-json\/wp\/v2\/posts"}],"about":[{"href":"https:\/\/observatoriodeldolor.com\/en\/wp-json\/wp\/v2\/types\/post"}],"author":[{"embeddable":true,"href":"https:\/\/observatoriodeldolor.com\/en\/wp-json\/wp\/v2\/users\/68343888"}],"replies":[{"embeddable":true,"href":"https:\/\/observatoriodeldolor.com\/en\/wp-json\/wp\/v2\/comments?post=1602"}],"version-history":[{"count":0,"href":"https:\/\/observatoriodeldolor.com\/en\/wp-json\/wp\/v2\/posts\/1602\/revisions"}],"wp:featuredmedia":[{"embeddable":true,"href":"https:\/\/observatoriodeldolor.com\/en\/wp-json\/wp\/v2\/media\/939"}],"wp:attachment":[{"href":"https:\/\/observatoriodeldolor.com\/en\/wp-json\/wp\/v2\/media?parent=1602"}],"wp:term":[{"taxonomy":"category","embeddable":true,"href":"https:\/\/observatoriodeldolor.com\/en\/wp-json\/wp\/v2\/categories?post=1602"},{"taxonomy":"post_tag","embeddable":true,"href":"https:\/\/observatoriodeldolor.com\/en\/wp-json\/wp\/v2\/tags?post=1602"}],"curies":[{"name":"wp","href":"https:\/\/api.w.org\/{rel}","templated":true}]}}