{"id":1604,"date":"2018-05-02T09:34:06","date_gmt":"2018-05-02T09:34:06","guid":{"rendered":"https:\/\/observatoriodeldolor.com\/el-observatorio-recibe-un-galardon-a-la-comunicacion-en-las-iv-jornadas-nacionales-del-dolor-de-la-semergen\/"},"modified":"2018-05-02T09:34:06","modified_gmt":"2018-05-02T09:34:06","slug":"el-observatorio-recibe-un-galardon-a-la-comunicacion-en-las-iv-jornadas-nacionales-del-dolor-de-la-semergen","status":"publish","type":"post","link":"https:\/\/observatoriodeldolor.com\/en\/el-observatorio-recibe-un-galardon-a-la-comunicacion-en-las-iv-jornadas-nacionales-del-dolor-de-la-semergen\/","title":{"rendered":"El Observatorio recibe un galard\u00f3n a la comunicaci\u00f3n en las IV Jornadas Nacionales del Dolor de la SEMERGEN"},"content":{"rendered":"<p><img fetchpriority=\"high\" decoding=\"async\" class=\"alignleft wp-image-477\" src=\"https:\/\/observatoriodeldolor.com\/wp-content\/uploads\/2018\/05\/captura-de-pantalla-2018-05-02-a-las-11-29-36.png?w=231\" alt=\"\" width=\"359\" height=\"467\" srcset=\"https:\/\/observatoriodeldolor.com\/wp-content\/uploads\/2018\/05\/captura-de-pantalla-2018-05-02-a-las-11-29-36.png 548w, https:\/\/observatoriodeldolor.com\/wp-content\/uploads\/2018\/05\/captura-de-pantalla-2018-05-02-a-las-11-29-36-231x300.png 231w\" sizes=\"(max-width: 359px) 100vw, 359px\" \/><\/p>\n<p>El equipo del<strong> Observatorio del Dolor<\/strong> particip\u00f3 en las <em>IV Jornadas Nacionales del Dolor de la SEMERGEN<\/em>. A mediados de abril se celebr\u00f3 en Parador de C\u00e1diz \u201cHotel Atl\u00e1ntico\u201d la IV Jornada Nacional del Dolor. El Observatorio ha participado activamente en esta cita en la que el dolor tom\u00f3 todo el protagonismo.<\/p>\n<p>Muchos fueron los temas abordados durante las Jornadas en torno al Dolor, como la rotaci\u00f3n de opioides o la Fibromialgia en Atenci\u00f3n Primaria a trav\u00e9s de diversos talleres. El Observatorio durante el segundo d\u00eda de las Jornadas present\u00f3 la comunicaci\u00f3n oral <strong>Traducci\u00f3n y adaptaci\u00f3n al castellano de los Cuestionarios \u2018\u2019KnowPain-12\u2019\u2019 y \u2018\u2019Nurses Pain Management Attitude Survey\u2019\u2019, <\/strong>presentada por Leticia del Reguero de la Torre, cuyo objetivo es traducir y adaptar al castellano el KnowPain-12 y Nurses Pain Management Attitude Survey, herramientas que determinan el nivel de actitud y conocimiento frente al manejo del dolor cr\u00f3nico.<\/p>\n<p>Tras la presentaci\u00f3n de las diversas comunicaciones orales durante las Jornadas, el Observatorio del Dolor fue galardonado con el premio a la mejor comunicaci\u00f3n y caso cl\u00ednico m\u00e9dico de familia por la comunicaci\u00f3n oral presentada.<\/p>\n<p>El Observatorio volvi\u00f3 de las jornadas habiendo actualizado los conocimientos en relaci\u00f3n al Dolor y aprendido nuevas formas de tratarlo y aliviarlo. El pr\u00f3ximo a\u00f1o 2019 se celebrar\u00e1n las V Jornadas Nacionales de Dolor en C\u00e1ceres, donde el observatorio participar\u00e1 tras ser invitado a dichas jornadas por el premio otorgado este a\u00f1o.<\/p>\n","protected":false},"excerpt":{"rendered":"<p>El equipo del Observatorio del Dolor particip\u00f3 en las IV Jornadas Nacionales del Dolor de la SEMERGEN. A mediados de abril se celebr\u00f3 en Parador de C\u00e1diz \u201cHotel Atl\u00e1ntico\u201d la IV Jornada Nacional del Dolor. El Observatorio ha participado activamente en esta cita en la que el dolor tom\u00f3 todo el protagonismo. Muchos fueron los [&hellip;]<\/p>\n","protected":false},"author":68343888,"featured_media":935,"comment_status":"open","ping_status":"open","sticky":false,"template":"","format":"standard","meta":{"_jetpack_newsletter_access":"","_jetpack_dont_email_post_to_subs":false,"_jetpack_newsletter_tier_id":0,"_jetpack_memberships_contains_paywalled_content":false,"_jetpack_memberships_contains_paid_content":false,"footnotes":"","jetpack_publicize_message":"","jetpack_publicize_feature_enabled":true,"jetpack_social_post_already_shared":false,"jetpack_social_options":{"image_generator_settings":{"template":"highway","default_image_id":0,"font":"","enabled":false},"version":2},"_wpas_customize_per_network":false,"jetpack_post_was_ever_published":false},"categories":[701188049],"tags":[701188007,701188008,701188052,701188053,701188064,701188057],"class_list":["post-1604","post","type-post","status-publish","format-standard","has-post-thumbnail","hentry","category-sin-categorizar-en","tag-destacada-en","tag-destacado-en","tag-dolor-en","tag-dolor-cronico-en","tag-noticias-dolor-en","tag-tratamiento-dolor-en"],"yoast_head":"<!-- This site is optimized with the Yoast SEO plugin v27.5 - https:\/\/yoast.com\/product\/yoast-seo-wordpress\/ -->\n<title>El Observatorio recibe un galard\u00f3n a la comunicaci\u00f3n en las IV Jornadas Nacionales del Dolor de la SEMERGEN - Observatorio del dolor<\/title>\n<meta name=\"robots\" content=\"index, follow, max-snippet:-1, max-image-preview:large, max-video-preview:-1\" \/>\n<link rel=\"canonical\" href=\"https:\/\/observatoriodeldolor.com\/en\/el-observatorio-recibe-un-galardon-a-la-comunicacion-en-las-iv-jornadas-nacionales-del-dolor-de-la-semergen\/\" \/>\n<meta property=\"og:locale\" content=\"en_US\" \/>\n<meta property=\"og:type\" content=\"article\" \/>\n<meta property=\"og:title\" content=\"El Observatorio recibe un galard\u00f3n a la comunicaci\u00f3n en las IV Jornadas Nacionales del Dolor de la SEMERGEN - Observatorio del dolor\" \/>\n<meta property=\"og:description\" content=\"El equipo del Observatorio del Dolor particip\u00f3 en las IV Jornadas Nacionales del Dolor de la SEMERGEN. A mediados de abril se celebr\u00f3 en Parador de C\u00e1diz \u201cHotel Atl\u00e1ntico\u201d la IV Jornada Nacional del Dolor. El Observatorio ha participado activamente en esta cita en la que el dolor tom\u00f3 todo el protagonismo. Muchos fueron los [&hellip;]\" \/>\n<meta property=\"og:url\" content=\"https:\/\/observatoriodeldolor.com\/en\/el-observatorio-recibe-un-galardon-a-la-comunicacion-en-las-iv-jornadas-nacionales-del-dolor-de-la-semergen\/\" \/>\n<meta property=\"og:site_name\" content=\"Observatorio del dolor\" \/>\n<meta property=\"article:published_time\" content=\"2018-05-02T09:34:06+00:00\" \/>\n<meta property=\"og:image\" content=\"https:\/\/observatoriodeldolor.com\/wp-content\/uploads\/2018\/05\/captura-de-pantalla-2018-05-02-a-las-11-29-58.png\" \/>\n\t<meta property=\"og:image:width\" content=\"620\" \/>\n\t<meta property=\"og:image:height\" content=\"277\" \/>\n\t<meta property=\"og:image:type\" content=\"image\/png\" \/>\n<meta name=\"author\" content=\"observatoriodeldolor\" \/>\n<meta name=\"twitter:card\" content=\"summary_large_image\" \/>\n<meta name=\"twitter:label1\" content=\"Written by\" \/>\n\t<meta name=\"twitter:data1\" content=\"observatoriodeldolor\" \/>\n\t<meta name=\"twitter:label2\" content=\"Est. reading time\" \/>\n\t<meta name=\"twitter:data2\" content=\"1 minute\" \/>\n<script type=\"application\/ld+json\" class=\"yoast-schema-graph\">{\"@context\":\"https:\\\/\\\/schema.org\",\"@graph\":[{\"@type\":\"Article\",\"@id\":\"https:\\\/\\\/observatoriodeldolor.com\\\/en\\\/el-observatorio-recibe-un-galardon-a-la-comunicacion-en-las-iv-jornadas-nacionales-del-dolor-de-la-semergen\\\/#article\",\"isPartOf\":{\"@id\":\"https:\\\/\\\/observatoriodeldolor.com\\\/en\\\/el-observatorio-recibe-un-galardon-a-la-comunicacion-en-las-iv-jornadas-nacionales-del-dolor-de-la-semergen\\\/\"},\"author\":{\"name\":\"observatoriodeldolor\",\"@id\":\"https:\\\/\\\/observatoriodeldolor.com\\\/en\\\/#\\\/schema\\\/person\\\/59379abe2b5c46990ea49aa36996c61f\"},\"headline\":\"El Observatorio recibe un galard\u00f3n a la comunicaci\u00f3n en las IV Jornadas Nacionales del Dolor de la SEMERGEN\",\"datePublished\":\"2018-05-02T09:34:06+00:00\",\"mainEntityOfPage\":{\"@id\":\"https:\\\/\\\/observatoriodeldolor.com\\\/en\\\/el-observatorio-recibe-un-galardon-a-la-comunicacion-en-las-iv-jornadas-nacionales-del-dolor-de-la-semergen\\\/\"},\"wordCount\":274,\"commentCount\":0,\"image\":{\"@id\":\"https:\\\/\\\/observatoriodeldolor.com\\\/en\\\/el-observatorio-recibe-un-galardon-a-la-comunicacion-en-las-iv-jornadas-nacionales-del-dolor-de-la-semergen\\\/#primaryimage\"},\"thumbnailUrl\":\"https:\\\/\\\/observatoriodeldolor.com\\\/wp-content\\\/uploads\\\/2018\\\/05\\\/captura-de-pantalla-2018-05-02-a-las-11-29-58.png\",\"keywords\":[\"destacada\",\"Destacado\",\"dolor\",\"dolor cr\u00f3nico\",\"noticias dolor\",\"tratamiento dolor\"],\"articleSection\":[\"Sin categorizar\"],\"inLanguage\":\"en-US\"},{\"@type\":\"WebPage\",\"@id\":\"https:\\\/\\\/observatoriodeldolor.com\\\/en\\\/el-observatorio-recibe-un-galardon-a-la-comunicacion-en-las-iv-jornadas-nacionales-del-dolor-de-la-semergen\\\/\",\"url\":\"https:\\\/\\\/observatoriodeldolor.com\\\/en\\\/el-observatorio-recibe-un-galardon-a-la-comunicacion-en-las-iv-jornadas-nacionales-del-dolor-de-la-semergen\\\/\",\"name\":\"El Observatorio recibe un galard\u00f3n a la comunicaci\u00f3n en las IV Jornadas Nacionales del Dolor de la SEMERGEN - Observatorio del dolor\",\"isPartOf\":{\"@id\":\"https:\\\/\\\/observatoriodeldolor.com\\\/en\\\/#website\"},\"primaryImageOfPage\":{\"@id\":\"https:\\\/\\\/observatoriodeldolor.com\\\/en\\\/el-observatorio-recibe-un-galardon-a-la-comunicacion-en-las-iv-jornadas-nacionales-del-dolor-de-la-semergen\\\/#primaryimage\"},\"image\":{\"@id\":\"https:\\\/\\\/observatoriodeldolor.com\\\/en\\\/el-observatorio-recibe-un-galardon-a-la-comunicacion-en-las-iv-jornadas-nacionales-del-dolor-de-la-semergen\\\/#primaryimage\"},\"thumbnailUrl\":\"https:\\\/\\\/observatoriodeldolor.com\\\/wp-content\\\/uploads\\\/2018\\\/05\\\/captura-de-pantalla-2018-05-02-a-las-11-29-58.png\",\"datePublished\":\"2018-05-02T09:34:06+00:00\",\"author\":{\"@id\":\"https:\\\/\\\/observatoriodeldolor.com\\\/en\\\/#\\\/schema\\\/person\\\/59379abe2b5c46990ea49aa36996c61f\"},\"breadcrumb\":{\"@id\":\"https:\\\/\\\/observatoriodeldolor.com\\\/en\\\/el-observatorio-recibe-un-galardon-a-la-comunicacion-en-las-iv-jornadas-nacionales-del-dolor-de-la-semergen\\\/#breadcrumb\"},\"inLanguage\":\"en-US\",\"potentialAction\":[{\"@type\":\"ReadAction\",\"target\":[\"https:\\\/\\\/observatoriodeldolor.com\\\/en\\\/el-observatorio-recibe-un-galardon-a-la-comunicacion-en-las-iv-jornadas-nacionales-del-dolor-de-la-semergen\\\/\"]}]},{\"@type\":\"ImageObject\",\"inLanguage\":\"en-US\",\"@id\":\"https:\\\/\\\/observatoriodeldolor.com\\\/en\\\/el-observatorio-recibe-un-galardon-a-la-comunicacion-en-las-iv-jornadas-nacionales-del-dolor-de-la-semergen\\\/#primaryimage\",\"url\":\"https:\\\/\\\/observatoriodeldolor.com\\\/wp-content\\\/uploads\\\/2018\\\/05\\\/captura-de-pantalla-2018-05-02-a-las-11-29-58.png\",\"contentUrl\":\"https:\\\/\\\/observatoriodeldolor.com\\\/wp-content\\\/uploads\\\/2018\\\/05\\\/captura-de-pantalla-2018-05-02-a-las-11-29-58.png\",\"width\":620,\"height\":277},{\"@type\":\"BreadcrumbList\",\"@id\":\"https:\\\/\\\/observatoriodeldolor.com\\\/en\\\/el-observatorio-recibe-un-galardon-a-la-comunicacion-en-las-iv-jornadas-nacionales-del-dolor-de-la-semergen\\\/#breadcrumb\",\"itemListElement\":[{\"@type\":\"ListItem\",\"position\":1,\"name\":\"Home\",\"item\":\"https:\\\/\\\/observatoriodeldolor.com\\\/en\\\/\"},{\"@type\":\"ListItem\",\"position\":2,\"name\":\"El Observatorio recibe un galard\u00f3n a la comunicaci\u00f3n en las IV Jornadas Nacionales del Dolor de la SEMERGEN\"}]},{\"@type\":\"WebSite\",\"@id\":\"https:\\\/\\\/observatoriodeldolor.com\\\/en\\\/#website\",\"url\":\"https:\\\/\\\/observatoriodeldolor.com\\\/en\\\/\",\"name\":\"Observatorio del dolor\",\"description\":\"en Andaluc\u00eda\",\"potentialAction\":[{\"@type\":\"SearchAction\",\"target\":{\"@type\":\"EntryPoint\",\"urlTemplate\":\"https:\\\/\\\/observatoriodeldolor.com\\\/en\\\/?s={search_term_string}\"},\"query-input\":{\"@type\":\"PropertyValueSpecification\",\"valueRequired\":true,\"valueName\":\"search_term_string\"}}],\"inLanguage\":\"en-US\"},{\"@type\":\"Person\",\"@id\":\"https:\\\/\\\/observatoriodeldolor.com\\\/en\\\/#\\\/schema\\\/person\\\/59379abe2b5c46990ea49aa36996c61f\",\"name\":\"observatoriodeldolor\",\"image\":{\"@type\":\"ImageObject\",\"inLanguage\":\"en-US\",\"@id\":\"https:\\\/\\\/secure.gravatar.com\\\/avatar\\\/4f95df8e417c1c5127fcd2a81da7343ac9b79a99bb5a21e9a5cdd421207e66d0?s=96&d=identicon&r=g\",\"url\":\"https:\\\/\\\/secure.gravatar.com\\\/avatar\\\/4f95df8e417c1c5127fcd2a81da7343ac9b79a99bb5a21e9a5cdd421207e66d0?s=96&d=identicon&r=g\",\"contentUrl\":\"https:\\\/\\\/secure.gravatar.com\\\/avatar\\\/4f95df8e417c1c5127fcd2a81da7343ac9b79a99bb5a21e9a5cdd421207e66d0?s=96&d=identicon&r=g\",\"caption\":\"observatoriodeldolor\"},\"sameAs\":[\"http:\\\/\\\/observadolor.wordpress.com\"],\"url\":\"https:\\\/\\\/observatoriodeldolor.com\\\/en\\\/author\\\/observatoriodeldolor\\\/\"}]}<\/script>\n<!-- \/ Yoast SEO plugin. -->","yoast_head_json":{"title":"El Observatorio recibe un galard\u00f3n a la comunicaci\u00f3n en las IV Jornadas Nacionales del Dolor de la SEMERGEN - Observatorio del dolor","robots":{"index":"index","follow":"follow","max-snippet":"max-snippet:-1","max-image-preview":"max-image-preview:large","max-video-preview":"max-video-preview:-1"},"canonical":"https:\/\/observatoriodeldolor.com\/en\/el-observatorio-recibe-un-galardon-a-la-comunicacion-en-las-iv-jornadas-nacionales-del-dolor-de-la-semergen\/","og_locale":"en_US","og_type":"article","og_title":"El Observatorio recibe un galard\u00f3n a la comunicaci\u00f3n en las IV Jornadas Nacionales del Dolor de la SEMERGEN - Observatorio del dolor","og_description":"El equipo del Observatorio del Dolor particip\u00f3 en las IV Jornadas Nacionales del Dolor de la SEMERGEN. A mediados de abril se celebr\u00f3 en Parador de C\u00e1diz \u201cHotel Atl\u00e1ntico\u201d la IV Jornada Nacional del Dolor. El Observatorio ha participado activamente en esta cita en la que el dolor tom\u00f3 todo el protagonismo. Muchos fueron los [&hellip;]","og_url":"https:\/\/observatoriodeldolor.com\/en\/el-observatorio-recibe-un-galardon-a-la-comunicacion-en-las-iv-jornadas-nacionales-del-dolor-de-la-semergen\/","og_site_name":"Observatorio del dolor","article_published_time":"2018-05-02T09:34:06+00:00","og_image":[{"width":620,"height":277,"url":"https:\/\/observatoriodeldolor.com\/wp-content\/uploads\/2018\/05\/captura-de-pantalla-2018-05-02-a-las-11-29-58.png","type":"image\/png"}],"author":"observatoriodeldolor","twitter_card":"summary_large_image","twitter_misc":{"Written by":"observatoriodeldolor","Est. reading time":"1 minute"},"schema":{"@context":"https:\/\/schema.org","@graph":[{"@type":"Article","@id":"https:\/\/observatoriodeldolor.com\/en\/el-observatorio-recibe-un-galardon-a-la-comunicacion-en-las-iv-jornadas-nacionales-del-dolor-de-la-semergen\/#article","isPartOf":{"@id":"https:\/\/observatoriodeldolor.com\/en\/el-observatorio-recibe-un-galardon-a-la-comunicacion-en-las-iv-jornadas-nacionales-del-dolor-de-la-semergen\/"},"author":{"name":"observatoriodeldolor","@id":"https:\/\/observatoriodeldolor.com\/en\/#\/schema\/person\/59379abe2b5c46990ea49aa36996c61f"},"headline":"El Observatorio recibe un galard\u00f3n a la comunicaci\u00f3n en las IV Jornadas Nacionales del Dolor de la SEMERGEN","datePublished":"2018-05-02T09:34:06+00:00","mainEntityOfPage":{"@id":"https:\/\/observatoriodeldolor.com\/en\/el-observatorio-recibe-un-galardon-a-la-comunicacion-en-las-iv-jornadas-nacionales-del-dolor-de-la-semergen\/"},"wordCount":274,"commentCount":0,"image":{"@id":"https:\/\/observatoriodeldolor.com\/en\/el-observatorio-recibe-un-galardon-a-la-comunicacion-en-las-iv-jornadas-nacionales-del-dolor-de-la-semergen\/#primaryimage"},"thumbnailUrl":"https:\/\/observatoriodeldolor.com\/wp-content\/uploads\/2018\/05\/captura-de-pantalla-2018-05-02-a-las-11-29-58.png","keywords":["destacada","Destacado","dolor","dolor cr\u00f3nico","noticias dolor","tratamiento dolor"],"articleSection":["Sin categorizar"],"inLanguage":"en-US"},{"@type":"WebPage","@id":"https:\/\/observatoriodeldolor.com\/en\/el-observatorio-recibe-un-galardon-a-la-comunicacion-en-las-iv-jornadas-nacionales-del-dolor-de-la-semergen\/","url":"https:\/\/observatoriodeldolor.com\/en\/el-observatorio-recibe-un-galardon-a-la-comunicacion-en-las-iv-jornadas-nacionales-del-dolor-de-la-semergen\/","name":"El Observatorio recibe un galard\u00f3n a la comunicaci\u00f3n en las IV Jornadas Nacionales del Dolor de la SEMERGEN - Observatorio del dolor","isPartOf":{"@id":"https:\/\/observatoriodeldolor.com\/en\/#website"},"primaryImageOfPage":{"@id":"https:\/\/observatoriodeldolor.com\/en\/el-observatorio-recibe-un-galardon-a-la-comunicacion-en-las-iv-jornadas-nacionales-del-dolor-de-la-semergen\/#primaryimage"},"image":{"@id":"https:\/\/observatoriodeldolor.com\/en\/el-observatorio-recibe-un-galardon-a-la-comunicacion-en-las-iv-jornadas-nacionales-del-dolor-de-la-semergen\/#primaryimage"},"thumbnailUrl":"https:\/\/observatoriodeldolor.com\/wp-content\/uploads\/2018\/05\/captura-de-pantalla-2018-05-02-a-las-11-29-58.png","datePublished":"2018-05-02T09:34:06+00:00","author":{"@id":"https:\/\/observatoriodeldolor.com\/en\/#\/schema\/person\/59379abe2b5c46990ea49aa36996c61f"},"breadcrumb":{"@id":"https:\/\/observatoriodeldolor.com\/en\/el-observatorio-recibe-un-galardon-a-la-comunicacion-en-las-iv-jornadas-nacionales-del-dolor-de-la-semergen\/#breadcrumb"},"inLanguage":"en-US","potentialAction":[{"@type":"ReadAction","target":["https:\/\/observatoriodeldolor.com\/en\/el-observatorio-recibe-un-galardon-a-la-comunicacion-en-las-iv-jornadas-nacionales-del-dolor-de-la-semergen\/"]}]},{"@type":"ImageObject","inLanguage":"en-US","@id":"https:\/\/observatoriodeldolor.com\/en\/el-observatorio-recibe-un-galardon-a-la-comunicacion-en-las-iv-jornadas-nacionales-del-dolor-de-la-semergen\/#primaryimage","url":"https:\/\/observatoriodeldolor.com\/wp-content\/uploads\/2018\/05\/captura-de-pantalla-2018-05-02-a-las-11-29-58.png","contentUrl":"https:\/\/observatoriodeldolor.com\/wp-content\/uploads\/2018\/05\/captura-de-pantalla-2018-05-02-a-las-11-29-58.png","width":620,"height":277},{"@type":"BreadcrumbList","@id":"https:\/\/observatoriodeldolor.com\/en\/el-observatorio-recibe-un-galardon-a-la-comunicacion-en-las-iv-jornadas-nacionales-del-dolor-de-la-semergen\/#breadcrumb","itemListElement":[{"@type":"ListItem","position":1,"name":"Home","item":"https:\/\/observatoriodeldolor.com\/en\/"},{"@type":"ListItem","position":2,"name":"El Observatorio recibe un galard\u00f3n a la comunicaci\u00f3n en las IV Jornadas Nacionales del Dolor de la SEMERGEN"}]},{"@type":"WebSite","@id":"https:\/\/observatoriodeldolor.com\/en\/#website","url":"https:\/\/observatoriodeldolor.com\/en\/","name":"Observatorio del dolor","description":"en Andaluc\u00eda","potentialAction":[{"@type":"SearchAction","target":{"@type":"EntryPoint","urlTemplate":"https:\/\/observatoriodeldolor.com\/en\/?s={search_term_string}"},"query-input":{"@type":"PropertyValueSpecification","valueRequired":true,"valueName":"search_term_string"}}],"inLanguage":"en-US"},{"@type":"Person","@id":"https:\/\/observatoriodeldolor.com\/en\/#\/schema\/person\/59379abe2b5c46990ea49aa36996c61f","name":"observatoriodeldolor","image":{"@type":"ImageObject","inLanguage":"en-US","@id":"https:\/\/secure.gravatar.com\/avatar\/4f95df8e417c1c5127fcd2a81da7343ac9b79a99bb5a21e9a5cdd421207e66d0?s=96&d=identicon&r=g","url":"https:\/\/secure.gravatar.com\/avatar\/4f95df8e417c1c5127fcd2a81da7343ac9b79a99bb5a21e9a5cdd421207e66d0?s=96&d=identicon&r=g","contentUrl":"https:\/\/secure.gravatar.com\/avatar\/4f95df8e417c1c5127fcd2a81da7343ac9b79a99bb5a21e9a5cdd421207e66d0?s=96&d=identicon&r=g","caption":"observatoriodeldolor"},"sameAs":["http:\/\/observadolor.wordpress.com"],"url":"https:\/\/observatoriodeldolor.com\/en\/author\/observatoriodeldolor\/"}]}},"jetpack_publicize_connections":[],"jetpack_featured_media_url":"https:\/\/observatoriodeldolor.com\/wp-content\/uploads\/2018\/05\/captura-de-pantalla-2018-05-02-a-las-11-29-58.png","jetpack_likes_enabled":true,"jetpack_sharing_enabled":true,"jetpack_shortlink":"https:\/\/wp.me\/p4POJC-pS","_links":{"self":[{"href":"https:\/\/observatoriodeldolor.com\/en\/wp-json\/wp\/v2\/posts\/1604","targetHints":{"allow":["GET"]}}],"collection":[{"href":"https:\/\/observatoriodeldolor.com\/en\/wp-json\/wp\/v2\/posts"}],"about":[{"href":"https:\/\/observatoriodeldolor.com\/en\/wp-json\/wp\/v2\/types\/post"}],"author":[{"embeddable":true,"href":"https:\/\/observatoriodeldolor.com\/en\/wp-json\/wp\/v2\/users\/68343888"}],"replies":[{"embeddable":true,"href":"https:\/\/observatoriodeldolor.com\/en\/wp-json\/wp\/v2\/comments?post=1604"}],"version-history":[{"count":0,"href":"https:\/\/observatoriodeldolor.com\/en\/wp-json\/wp\/v2\/posts\/1604\/revisions"}],"wp:featuredmedia":[{"embeddable":true,"href":"https:\/\/observatoriodeldolor.com\/en\/wp-json\/wp\/v2\/media\/935"}],"wp:attachment":[{"href":"https:\/\/observatoriodeldolor.com\/en\/wp-json\/wp\/v2\/media?parent=1604"}],"wp:term":[{"taxonomy":"category","embeddable":true,"href":"https:\/\/observatoriodeldolor.com\/en\/wp-json\/wp\/v2\/categories?post=1604"},{"taxonomy":"post_tag","embeddable":true,"href":"https:\/\/observatoriodeldolor.com\/en\/wp-json\/wp\/v2\/tags?post=1604"}],"curies":[{"name":"wp","href":"https:\/\/api.w.org\/{rel}","templated":true}]}}